{"id":46,"date":"2009-07-26T20:55:00","date_gmt":"2009-07-26T18:55:00","guid":{"rendered":"http:\/\/www.identitycosmos.com\/?p=46"},"modified":"2009-07-26T20:55:00","modified_gmt":"2009-07-26T18:55:00","slug":"microsoft_identity-software_kim-cameron","status":"publish","type":"post","link":"https:\/\/identitycosmos.com\/index.php\/2009\/07\/26\/microsoft_identity-software_kim-cameron\/","title":{"rendered":"La vision de l&#8217;identit\u00e9 num\u00e9rique chez Microsoft par Kim Cameron"},"content":{"rendered":"<p><img loading=\"lazy\" decoding=\"async\" class=\"alignleft size-full wp-image-48\" title=\"ISSR\" src=\"http:\/\/www.identitycosmos.com\/wp-content\/uploads\/2009\/07\/ISSR1.png\" alt=\"ISSR\" width=\"342\" height=\"298\" srcset=\"https:\/\/identitycosmos.com\/wp-content\/uploads\/2009\/07\/ISSR1.png 342w, https:\/\/identitycosmos.com\/wp-content\/uploads\/2009\/07\/ISSR1-300x261.png 300w\" sizes=\"auto, (max-width: 342px) 100vw, 342px\" \/><strong>Ce document est bas\u00e9 sur une pr\u00e9sentation r\u00e9alis\u00e9e par Kim Cameron au Microsoft PDC 2008 [ Microsoft Professional Developers Conference ]\u00a0 \u00e0 Los Angeles en Novembre 2008.<\/strong><\/p>\n<p>Il est principalement orient\u00e9 pour une audience de d\u00e9veloppeurs et d&#8217;architectes, mais il est &#8220;lisible&#8221; par toutes les personnes qui s&#8217;int\u00e9ressent \u00e0 la gestion des identit\u00e9s et des acc\u00e8s.<\/p>\n<p>Vous d\u00e9couvrirez la vision strat\u00e9gique de Microsoft sur ces sujets, notamment la future infrastructure Geneva et les pr\u00e9visions autour des &#8220;Metasystem&#8221;, qui repr\u00e9sentent la vision des syst\u00e8mes interop\u00e9rables tel que l&#8217;imagine Microsoft .<\/p>\n<p>Le livre pdf est t\u00e9l\u00e9chargeable <strong><a href=\"http:\/\/www.identityblog.com\/wp-content\/images\/2009\/01\/PDC-2008.pdf\" target=\"_blank\" rel=\"noopener\">[ ici ]<\/a><\/strong><\/p>\n","protected":false},"excerpt":{"rendered":"<p>Ce document est bas\u00e9 sur une pr\u00e9sentation r\u00e9alis\u00e9e par Kim Cameron au Microsoft PDC 2008 [ Microsoft Professional Developers Conference ]\u00a0 \u00e0 Los Angeles en Novembre 2008.<\/p>\n<p>Il est principalement orient\u00e9 pour une audience de d\u00e9veloppeurs et d&#8217;architectes, mais il est &#8220;lisible&#8221; par toutes les personnes qui s&#8217;int\u00e9ressent \u00e0 la gestion des identit\u00e9s et des acc\u00e8s.<\/p>\n","protected":false},"author":3,"featured_media":0,"comment_status":"open","ping_status":"open","sticky":false,"template":"","format":"standard","meta":{"footnotes":""},"categories":[6],"tags":[18,102,133,147],"class_list":["post-46","post","type-post","status-publish","format-standard","hentry","category-strategie","tag-adfs","tag-geneva","tag-kim-cameron","tag-microsoft"],"_links":{"self":[{"href":"https:\/\/identitycosmos.com\/index.php\/wp-json\/wp\/v2\/posts\/46","targetHints":{"allow":["GET"]}}],"collection":[{"href":"https:\/\/identitycosmos.com\/index.php\/wp-json\/wp\/v2\/posts"}],"about":[{"href":"https:\/\/identitycosmos.com\/index.php\/wp-json\/wp\/v2\/types\/post"}],"author":[{"embeddable":true,"href":"https:\/\/identitycosmos.com\/index.php\/wp-json\/wp\/v2\/users\/3"}],"replies":[{"embeddable":true,"href":"https:\/\/identitycosmos.com\/index.php\/wp-json\/wp\/v2\/comments?post=46"}],"version-history":[{"count":0,"href":"https:\/\/identitycosmos.com\/index.php\/wp-json\/wp\/v2\/posts\/46\/revisions"}],"wp:attachment":[{"href":"https:\/\/identitycosmos.com\/index.php\/wp-json\/wp\/v2\/media?parent=46"}],"wp:term":[{"taxonomy":"category","embeddable":true,"href":"https:\/\/identitycosmos.com\/index.php\/wp-json\/wp\/v2\/categories?post=46"},{"taxonomy":"post_tag","embeddable":true,"href":"https:\/\/identitycosmos.com\/index.php\/wp-json\/wp\/v2\/tags?post=46"}],"curies":[{"name":"wp","href":"https:\/\/api.w.org\/{rel}","templated":true}]}}